{"id":220,"date":"2017-07-15T16:40:53","date_gmt":"2017-07-15T16:40:53","guid":{"rendered":"http:\/\/themenectar.com\/demo\/salient\/?p=84"},"modified":"2023-04-26T16:07:33","modified_gmt":"2023-04-26T16:07:33","slug":"doing-a-cross-country-road-trip","status":"publish","type":"post","link":"https:\/\/cpps-rdc.org\/?p=220","title":{"rendered":"Abandonn\u00e9es \u00e0 elles-m\u00eames, les personnes handicap\u00e9es se lancent dans la mendicit\u00e9 \u00e0 Kinshasa"},"content":{"rendered":"<p>[vc_row type=\u00a0\u00bbin_container\u00a0\u00bb full_screen_row_position=\u00a0\u00bbmiddle\u00a0\u00bb column_margin=\u00a0\u00bbdefault\u00a0\u00bb scene_position=\u00a0\u00bbcenter\u00a0\u00bb text_color=\u00a0\u00bbdark\u00a0\u00bb text_align=\u00a0\u00bbleft\u00a0\u00bb top_padding=\u00a0\u00bb30&Prime; overlay_strength=\u00a0\u00bb0.3&Prime; shape_divider_position=\u00a0\u00bbbottom\u00a0\u00bb bg_image_animation=\u00a0\u00bbnone\u00a0\u00bb][vc_column column_padding=\u00a0\u00bbno-extra-padding\u00a0\u00bb column_padding_position=\u00a0\u00bball\u00a0\u00bb background_color_opacity=\u00a0\u00bb1&Prime; background_hover_color_opacity=\u00a0\u00bb1&Prime; column_link_target=\u00a0\u00bb_self\u00a0\u00bb column_shadow=\u00a0\u00bbnone\u00a0\u00bb column_border_radius=\u00a0\u00bbnone\u00a0\u00bb width=\u00a0\u00bb1\/1&Prime; tablet_width_inherit=\u00a0\u00bbdefault\u00a0\u00bb tablet_text_alignment=\u00a0\u00bbdefault\u00a0\u00bb phone_text_alignment=\u00a0\u00bbdefault\u00a0\u00bb overlay_strength=\u00a0\u00bb0.3&Prime; column_border_width=\u00a0\u00bbnone\u00a0\u00bb column_border_style=\u00a0\u00bbsolid\u00a0\u00bb bg_image_animation=\u00a0\u00bbnone\u00a0\u00bb][vc_column_text]Les coins de Kinshasa les plus fr\u00e9quent\u00e9s deviennent de plus en plus des lieux par excellence de la mendicit\u00e9 pour les personnes handicap\u00e9es. D\u00e8s 6 heures du matin, \u00a0le march\u00e9 central est en effervescence. Les vendeurs et les clients y affluent pour diff\u00e9rents besoins. Dans les all\u00e9es, l\u2019on aper\u00e7oit des personnes en situation de handicap. Elles arrivent les unes apr\u00e8s les autres et s\u2019installent \u00e0 des endroits diff\u00e9rents. Elles ne sont pas commer\u00e7ants ou clients, ils sont plut\u00f4t des mendiants. Ceux qui ont peu de force avancent seuls tandis que les plus faibles se laissent conduire par des proches.<\/p>\n<p>Andr\u00e9 Palata, un vieil homme, squatte sur l\u2019avenue du Commerce, non loin du march\u00e9 central. Il a perdu ses deux jambes depuis son enfance et se d\u00e9brouille seul pour ses d\u00e9placements. Le poids de l\u2019\u00e2ge et son handicap ne lui permettant pas de trouver du travail, il s\u2019est lanc\u00e9 dans la mendicit\u00e9 depuis pr\u00e8s de quinze ans. C\u2019est l\u2019unique moyen qui lui permet de gagner son pain quotidien.<\/p>\n<p>V\u00eatu en guenilles, Palata est assis non loin des tas d\u2019immondices et tend la main aux passants, esp\u00e9rant recevoir d\u2019eux quelques billets de banque. \u2018\u2018<em>Je vis au centre d\u2019h\u00e9bergement CAP de la Funa depuis plus de 10 ans. A la qu\u00eate de l\u2019argent, il m\u2019arrive souvent de passer la nuit au march\u00e9 central lorsque je suis dans l\u2019impossibilit\u00e9 physique de retourner \u00e0 ma demeure<\/em>\u2019\u2019, explique-t-il<!--more--><\/p>\n<p>Plusieurs autres personnes handicap\u00e9es dont Marie-Ange Lembusa, sont post\u00e9es dans le voisinage du super march\u00e9 GG-Mart. Cette derni\u00e8re porte \u00a0dans ses bras un enfant.\u00a0 Elle est \u00e2g\u00e9e d\u2019une femme d\u2019une trentaine d\u2019ann\u00e9es et vit\u00a0avec un handicap au niveau du pied droit en plus de son \u0153il malade. \u00a0\u2018\u2018<em>\u00c7a fait deux ans que je vis de la mendicit\u00e9 et dans la rue avec ma fille que j\u2019ai d\u2019ailleurs eu dans la rue avec un homme en uniforme que je n\u2019ai plus jamais revu<\/em>\u2019\u2019, dit-elle \u00a0d\u2019un air pr\u00e9occup\u00e9.<\/p>\n<p>J-P Nzolamesu, un jeune gar\u00e7on de 16 ans est aveugle. Il est n\u00e9 d\u2019une famille d\u00e9munie. Orphelin de p\u00e8re et de m\u00e8re, il a \u00e9t\u00e9 trait\u00e9 de sorcier. Il est abandonn\u00e9 \u00e0 son triste sort par sa famille et ne dispose pas des moyens pour assurer\u00a0 sa scolarisation. Pour survivre, il fait la ronde des quartiers de la commune de Kalamu pour demander de l\u2019aide aux bons samaritains. Suite \u00e0 son handicap, il se fait aider par son jeune fr\u00e8re. Il souligne que les inconv\u00e9nients sont nombreux\u00a0: \u2018\u2018<em>nous sommes expos\u00e9s aux accidents de circulation, au vol de la part des enfants de la rue.\u00a0\u00a0 Si la journ\u00e9e est ensoleill\u00e9e, les rayons nous frappent de plein fouet toute la journ\u00e9e<\/em>\u2019\u2019. Le long du boulevard du 30 Juin, aux Ronds-points Victoire et Ngaba et dans plusieurs autres coins chauds de la ville de Kinshasa, cette situation ne fait que s\u2019empirer.<\/p>\n<h2><strong>L\u2019insensibilit\u00e9 du gouvernement<\/strong><\/h2>\n<p><img fetchpriority=\"high\" decoding=\"async\" class=\"alignnone wp-image-46919 \" src=\"https:\/\/cpps-rdc.org\/wp-content\/uploads\/2017\/07\/CPPS-A1I2bis-300x212.jpg\" alt=\"\" width=\"587\" height=\"415\" srcset=\"https:\/\/cpps-rdc.org\/wp-content\/uploads\/2017\/07\/CPPS-A1I2bis-300x212.jpg 300w, https:\/\/cpps-rdc.org\/wp-content\/uploads\/2017\/07\/CPPS-A1I2bis-1024x722.jpg 1024w, https:\/\/cpps-rdc.org\/wp-content\/uploads\/2017\/07\/CPPS-A1I2bis-768x542.jpg 768w, https:\/\/cpps-rdc.org\/wp-content\/uploads\/2017\/07\/CPPS-A1I2bis.jpg 1293w\" sizes=\"(max-width: 587px) 100vw, 587px\" \/><\/p>\n<p>Pour Andr\u00e9 Palata et bien d\u2019autres personnes handicap\u00e9es, \u00a0les gouvernants ne pensent qu\u2019\u00e0 eux-m\u00eames, surtout pendant la p\u00e9riode \u00e9lectorale pour gagner des voix. Une fois aux commandes, ils abandonnent leurs \u00e9lecteurs \u00e0 leur triste sort. D\u2019apr\u00e8s Ahmed Itoko, charg\u00e9 des missions de la F\u00e9d\u00e9ration Congolaise des Personnes vivant avec Handicap (FECOPEHA), le gouvernement a mis en place douze centres d\u2019h\u00e9bergement qui abritent plus de 2 000 personnes handicap\u00e9es.<\/p>\n<p>\u2018\u2018<em>A part les b\u00e2timents, la f\u00e9d\u00e9ration ne re\u00e7oit aucune aide de la part de l\u2019Etat pour subvenir aux besoins de ces personnes. Sans travail \u00e0 cause de la discrimination et sans l\u2019aide de l\u2019Etat, la majorit\u00e9 de personnes vivant avec handicap qui r\u00e9sident dans ces centres d\u2019h\u00e9bergement, recourent \u00e0 la mendicit\u00e9<\/em>\u2019\u2019, a-t-il soulign\u00e9.<\/p>\n<p>Il rench\u00e9rit par ailleurs qu\u2019en cas des maladies et d\u00e9c\u00e8s, \u00a0le pr\u00e9sident national de la FECOPEHA, Martin Ekanda, est le seul \u00e0 intervenir sans aucune aide de l\u2019Etat. \u2018\u2018<em>Quand nous allons demander de l\u2019aide au minist\u00e8re des Affaires sociales, on nous envoie des policiers pour nous mettre \u00e0 la porte<\/em>\u2019\u2019, conclut-il.<\/p>\n<p>Maitre Fabrice du barreau de Matete pr\u00e9cise que le vagabondage et la mendicit\u00e9 sont prohib\u00e9s par la loi. Pendant ce temps, \u00e0 Kinshasa personne n\u2019ignore que la mendicit\u00e9 s\u2019enracine de la plus belle mani\u00e8re. \u2018\u2018<em>L\u2019Etat congolais qui ne remplit pas son devoir d\u2019aide aux personnes vuln\u00e9rables dont, les personnes handicap\u00e9es, semble tol\u00e9rer la mendicit\u00e9. Dans ce cas, il para\u00eet complice de la violation de la loi<\/em>\u2019\u2019, a-t-il ajout\u00e9.<\/p>\n<p>Il a indiqu\u00e9 que la personne en situation de handicap est toute personne ayant un handicap physique, mental, psychologique ou moral. Ces personnes sont reconnues comme \u00e9tant vuln\u00e9rables par la loi. \u2018\u2018<em>Ils n\u2019ont pas toutes leurs capacit\u00e9s et doivent en r\u00e9alit\u00e9 attirer l\u2019attention des gouvernants.<\/em> Leur prise en charge peut\u00a0 contribuer au d\u00e9veloppement du pays\u2019\u2019,\u00a0 a-t-il soutenu. \u00a0Il a ajout\u00e9 \u00e9galement que\u00a0 les personnes \u00e2g\u00e9es ou handicap\u00e9es ont droit \u00e0 des mesures sp\u00e9cifiques de protection en rapport avec leurs besoins physiques, intellectuel et moraux. Cette norme est reconnue dans l\u2019article 49 de la Constitution de la RDC ainsi que dans l\u2019article 18 de la Charte africaine des droits de l\u2019homme et des peuples. Mais pour l\u2019application de cet article, il faut une loi organique qui tra\u00eene encore sur la table du Parlement.<\/p>\n<p>Le juriste Fabrice confie par ailleurs que, parmi les droits \u00e9l\u00e9mentaires qui sont viol\u00e9s, il y a le droit au travail, le droit \u00e0 la sant\u00e9 du fait qu\u2019elles passent des journ\u00e9es sous le soleil et souvent dans des conditions non hygi\u00e9niques, le droit \u00e0 une alimentation suffisante, etc.<\/p>\n<p>En d\u00e9finitive, les droits de l\u2019homme ne peuvent \u00eatre promus valablement que dans un monde o\u00f9 l\u2019on cherche, non la puissance pour dominer, mais le service de la revalorisation de l\u2019humain sans discrimination.<\/p>\n<p><strong>Chaty Mumba<\/strong>[\/vc_column_text][\/vc_column][\/vc_row]<\/p>\n<div class=\"sharing-default-minimal post-bottom\"><div class=\"nectar-social default\" data-position=\"\" data-rm-love=\"0\" data-color-override=\"only_when_needed\"><div class=\"nectar-social-inner\"><a href=\"#\" class=\"nectar-love\" id=\"nectar-love-220\" title=\"Love this\"> <i class=\"icon-salient-heart-2\"><\/i><span class=\"love-text\">Love<\/span><span class=\"total_loves\"><span class=\"nectar-love-count\">1187<\/span><\/span><\/a><\/div><\/div><\/div>","protected":false},"excerpt":{"rendered":"<p>[vc_row type=\u00a0\u00bbin_container\u00a0\u00bb full_screen_row_position=\u00a0\u00bbmiddle\u00a0\u00bb column_margin=\u00a0\u00bbdefault\u00a0\u00bb scene_position=\u00a0\u00bbcenter\u00a0\u00bb text_color=\u00a0\u00bbdark\u00a0\u00bb text_align=\u00a0\u00bbleft\u00a0\u00bb top_padding=\u00a0\u00bb30&Prime; overlay_strength=\u00a0\u00bb0.3&Prime; shape_divider_position=\u00a0\u00bbbottom\u00a0\u00bb bg_image_animation=\u00a0\u00bbnone\u00a0\u00bb][vc_column column_padding=\u00a0\u00bbno-extra-padding\u00a0\u00bb column_padding_position=\u00a0\u00bball\u00a0\u00bb background_color_opacity=\u00a0\u00bb1&Prime; background_hover_color_opacity=\u00a0\u00bb1&Prime; column_link_target=\u00a0\u00bb_self\u00a0\u00bb column_shadow=\u00a0\u00bbnone\u00a0\u00bb column_border_radius=\u00a0\u00bbnone\u00a0\u00bb width=\u00a0\u00bb1\/1&Prime; tablet_width_inherit=\u00a0\u00bbdefault\u00a0\u00bb tablet_text_alignment=\u00a0\u00bbdefault\u00a0\u00bb phone_text_alignment=\u00a0\u00bbdefault\u00a0\u00bb overlay_strength=\u00a0\u00bb0.3&Prime; column_border_width=\u00a0\u00bbnone\u00a0\u00bb column_border_style=\u00a0\u00bbsolid\u00a0\u00bb bg_image_animation=\u00a0\u00bbnone\u00a0\u00bb][vc_column_text]Les coins de Kinshasa les plus fr\u00e9quent\u00e9s deviennent de plus en plus des lieux par excellence de la mendicit\u00e9 pour les personnes handicap\u00e9es. D\u00e8s 6 heures du matin, \u00a0le march\u00e9 [&hellip;]<\/p>\n","protected":false},"author":2,"featured_media":46916,"comment_status":"open","ping_status":"closed","sticky":false,"template":"","format":"standard","meta":{"footnotes":""},"categories":[85,73,78,7,8,57,14],"tags":[],"class_list":["post-220","post","type-post","status-publish","format-standard","has-post-thumbnail","hentry","category-actualites","category-adventure","category-business","category-creative","category-design","category-dining","category-fashion"],"_links":{"self":[{"href":"https:\/\/cpps-rdc.org\/index.php?rest_route=\/wp\/v2\/posts\/220","targetHints":{"allow":["GET"]}}],"collection":[{"href":"https:\/\/cpps-rdc.org\/index.php?rest_route=\/wp\/v2\/posts"}],"about":[{"href":"https:\/\/cpps-rdc.org\/index.php?rest_route=\/wp\/v2\/types\/post"}],"author":[{"embeddable":true,"href":"https:\/\/cpps-rdc.org\/index.php?rest_route=\/wp\/v2\/users\/2"}],"replies":[{"embeddable":true,"href":"https:\/\/cpps-rdc.org\/index.php?rest_route=%2Fwp%2Fv2%2Fcomments&post=220"}],"version-history":[{"count":6,"href":"https:\/\/cpps-rdc.org\/index.php?rest_route=\/wp\/v2\/posts\/220\/revisions"}],"predecessor-version":[{"id":47233,"href":"https:\/\/cpps-rdc.org\/index.php?rest_route=\/wp\/v2\/posts\/220\/revisions\/47233"}],"wp:featuredmedia":[{"embeddable":true,"href":"https:\/\/cpps-rdc.org\/index.php?rest_route=\/wp\/v2\/media\/46916"}],"wp:attachment":[{"href":"https:\/\/cpps-rdc.org\/index.php?rest_route=%2Fwp%2Fv2%2Fmedia&parent=220"}],"wp:term":[{"taxonomy":"category","embeddable":true,"href":"https:\/\/cpps-rdc.org\/index.php?rest_route=%2Fwp%2Fv2%2Fcategories&post=220"},{"taxonomy":"post_tag","embeddable":true,"href":"https:\/\/cpps-rdc.org\/index.php?rest_route=%2Fwp%2Fv2%2Ftags&post=220"}],"curies":[{"name":"wp","href":"https:\/\/api.w.org\/{rel}","templated":true}]}}